{"id":8,"date":"2024-11-13T11:40:30","date_gmt":"2024-11-13T10:40:30","guid":{"rendered":"https:\/\/ambitious-mariospinellid90334bdf7.wordpress.com\/2024\/11\/13\/hello-world\/"},"modified":"2024-11-13T11:40:30","modified_gmt":"2024-11-13T10:40:30","slug":"hello-world","status":"publish","type":"post","link":"https:\/\/wp.almanacco.me\/?p=8","title":{"rendered":"L&#8217;almanacco del giorno"},"content":{"rendered":"\n<p>Negli anni \u201880, probabilmente il canone RAI non era visto di buon occhio nemmeno allora, ma almeno in quegli anni la televisione pubblica offriva programmi che meritavano davvero di essere guardati. Erano produzioni che, nel loro insieme, contribuivano a informare, intrattenere e, talvolta, persino educare. C\u2019era una qualit\u00e0 tangibile, un senso di servizio pubblico che giustificava, almeno in parte, l\u2019esborso richiesto ai cittadini.<\/p>\n\n\n\n<p>Oggi, invece, le reti televisive pubbliche sembrano essere scese a compromessi nel tentativo di competere con le emittenti private. Il risultato? Una programmazione spesso appiattita su contenuti di scarsa utilit\u00e0, talvolta persino irritanti per la loro superficialit\u00e0. Non \u00e8 raro imbattersi in programmi che lasciano lo spettatore con la sensazione di aver perso tempo prezioso, piuttosto che di aver guadagnato qualcosa in termini di cultura, conoscenza o intrattenimento di qualit\u00e0.<\/p>\n\n\n\n<p>Tra i programmi che invece rendevano il canone quasi un investimento e non una tassa, spicca <em>L\u2019Almanacco del Giorno<\/em>. Chi lo ricorda, prova un senso di nostalgia difficile da ignorare: quella sigla inconfondibile, il tono rassicurante della narrazione, i contenuti che sapevano trasmettere un senso di quotidianit\u00e0 ordinata e cultura leggera. Era un appuntamento che segnava il tempo e accompagnava la vita di molte famiglie italiane, un piccolo rito serale che oggi sembra lontano anni luce dalla televisione odierna.<\/p>\n\n\n\n<p>Che rimpianto per quei tempi in cui la televisione pubblica era sinonimo di eccellenza, anzich\u00e9 di delusione.<\/p>\n\n\n\n<figure class=\"wp-block-embed is-type-video is-provider-youtube wp-block-embed-youtube wp-embed-aspect-4-3 wp-has-aspect-ratio\"><div class=\"wp-block-embed__wrapper\">\n<div class=\"embed-youtube\"><iframe loading=\"lazy\" title=\"Almanacco Del Giorno Dopo 11 ottobre 1984\" width=\"500\" height=\"375\" src=\"https:\/\/www.youtube.com\/embed\/QCLbBsk6KpM?feature=oembed\" frameborder=\"0\" allow=\"accelerometer; autoplay; clipboard-write; encrypted-media; gyroscope; picture-in-picture; web-share\" referrerpolicy=\"strict-origin-when-cross-origin\" allowfullscreen><\/iframe><\/div>\n<\/div><\/figure>\n\n\n\n<p>Degno di nota anche Figu, album di persone notevoli.<\/p>\n\n\n\n<figure class=\"wp-block-embed is-type-video is-provider-youtube wp-block-embed-youtube wp-embed-aspect-16-9 wp-has-aspect-ratio\"><div class=\"wp-block-embed__wrapper\">\n<div class=\"embed-youtube\"><iframe loading=\"lazy\" title=\"Alfred Hitchcock - Figu, album di persone notevoli\" width=\"500\" height=\"281\" src=\"https:\/\/www.youtube.com\/embed\/Jz2goxdd1LI?list=PLTN1xcZhrRbmUEa0DXrkTEjRnujjGf92v\" frameborder=\"0\" allow=\"accelerometer; autoplay; clipboard-write; encrypted-media; gyroscope; picture-in-picture; web-share\" referrerpolicy=\"strict-origin-when-cross-origin\" allowfullscreen><\/iframe><\/div>\n<\/div><\/figure>\n","protected":false},"excerpt":{"rendered":"<p>Negli anni \u201880, probabilmente il canone RAI non era visto di buon occhio nemmeno allora, ma almeno in quegli anni la televisione pubblica offriva programmi che meritavano davvero di essere guardati. Erano produzioni che, nel loro insieme, contribuivano a informare, intrattenere e, talvolta, persino educare. C\u2019era una qualit\u00e0 tangibile, un senso di servizio pubblico che [&hellip;]<\/p>\n","protected":false},"author":1,"featured_media":0,"comment_status":"open","ping_status":"open","sticky":false,"template":"","format":"standard","meta":{"footnotes":""},"categories":[3],"tags":[],"class_list":["post-8","post","type-post","status-publish","format-standard","hentry","category-nostalgie"],"_links":{"self":[{"href":"https:\/\/wp.almanacco.me\/index.php?rest_route=\/wp\/v2\/posts\/8","targetHints":{"allow":["GET"]}}],"collection":[{"href":"https:\/\/wp.almanacco.me\/index.php?rest_route=\/wp\/v2\/posts"}],"about":[{"href":"https:\/\/wp.almanacco.me\/index.php?rest_route=\/wp\/v2\/types\/post"}],"author":[{"embeddable":true,"href":"https:\/\/wp.almanacco.me\/index.php?rest_route=\/wp\/v2\/users\/1"}],"replies":[{"embeddable":true,"href":"https:\/\/wp.almanacco.me\/index.php?rest_route=%2Fwp%2Fv2%2Fcomments&post=8"}],"version-history":[{"count":0,"href":"https:\/\/wp.almanacco.me\/index.php?rest_route=\/wp\/v2\/posts\/8\/revisions"}],"wp:attachment":[{"href":"https:\/\/wp.almanacco.me\/index.php?rest_route=%2Fwp%2Fv2%2Fmedia&parent=8"}],"wp:term":[{"taxonomy":"category","embeddable":true,"href":"https:\/\/wp.almanacco.me\/index.php?rest_route=%2Fwp%2Fv2%2Fcategories&post=8"},{"taxonomy":"post_tag","embeddable":true,"href":"https:\/\/wp.almanacco.me\/index.php?rest_route=%2Fwp%2Fv2%2Ftags&post=8"}],"curies":[{"name":"wp","href":"https:\/\/api.w.org\/{rel}","templated":true}]}}